{"id":32416,"date":"2022-09-15T09:43:17","date_gmt":"2022-09-15T09:43:17","guid":{"rendered":"https:\/\/www.digife.it\/?p=32416"},"modified":"2022-09-15T09:43:17","modified_gmt":"2022-09-15T09:43:17","slug":"die-perfekten-produktfotos-e-commerce","status":"publish","type":"post","link":"https:\/\/www.digife.it\/de\/die-perfekten-produktfotos-e-commerce\/","title":{"rendered":"Produktfotos \u2013 So machen Sie perfekte Fotos f\u00fcr Ihren E-Commerce"},"content":{"rendered":"<p><span style=\"font-weight: 400;\">Das <\/span><b>Produktfoto<\/b><span style=\"font-weight: 400;\"> Sie sind einer der wichtigsten (wenn auch leider untersch\u00e4tzten) Aspekte f\u00fcr Ihren E-Commerce. Schlie\u00dflich k\u00f6nnen Ihre Kunden Ihre Produkte nicht pers\u00f6nlich sehen, ber\u00fchren oder riechen und k\u00f6nnen sich zur Orientierung beim Kauf nur die Fotos ansehen, die sich auf der Website befinden.\u00a0<\/span><\/p>\n<p><span style=\"font-weight: 400;\">Das <\/span><b>Produktfoto<\/b><span style=\"font-weight: 400;\"> Daher sind sie die einzige M\u00f6glichkeit f\u00fcr Ihre Kunden, sich ein Bild von dem Produkt zu machen, das sie kaufen m\u00f6chten. Nachfolgend sehen wir dann einige n\u00fctzliche Tipps zur Herstellung<\/span><b> Produktfoto<\/b><span style=\"font-weight: 400;\"> Fachmann.<\/span><\/p>\n<h3><b>Du kennst die Kamera<\/b><\/h3>\n<p><span style=\"font-weight: 400;\">Obwohl sich die Technik der Smartphones st\u00e4ndig weiterentwickelt, haben sie in Sachen Fotoqualit\u00e4t und deren M\u00f6glichkeiten noch nicht die Kamera erreicht.\u00a0<\/span><\/p>\n<p><span style=\"font-weight: 400;\">Um das Potenzial einer Kamera (und nicht unbedingt einer Profikamera) voll auszusch\u00f6pfen, ist es jedoch notwendig, die Grundlagen der Fotografie zu kennen: Blende, Belichtungszeit und ISO.\u00a0<\/span><\/p>\n<h4><span style=\"font-weight: 400;\">\u00d6ffnung<\/span><\/h4>\n<p><span style=\"font-weight: 400;\">Die Blende bestimmt, wie viel Licht in das Objektiv eintritt. Im Inneren der Maschine befindet sich tats\u00e4chlich eine Blende, die ge\u00f6ffnet und geschlossen werden kann, um zu pr\u00fcfen, wie hell unsere sein wird <\/span><b>Produktfoto<\/b><span style=\"font-weight: 400;\">. Die Blende bestimmt aber auch die sogenannte Sch\u00e4rfentiefe, also den \u201escharfen\u201c und den \u201eunscharfen\u201c Teil des Fotos.\u00a0<\/span><\/p>\n<p><span style=\"font-weight: 400;\">F\u00fcr ein professionelles Produktfoto ist es daher unerl\u00e4sslich, dass es optimales Licht hat, nicht zu viel und nicht zu wenig, und dass das fotografierte Produkt vollst\u00e4ndig im Fokus steht.\u00a0<\/span><\/p>\n<h4><span style=\"font-weight: 400;\">Ausstellungszeit<\/span><\/h4>\n<p><span style=\"font-weight: 400;\">Die Belichtungszeit ist eine Einstellung, mit der wir entscheiden k\u00f6nnen, wie lange der Verschluss der Kamera ge\u00f6ffnet bleibt, bevor das Bild aufgenommen wird. Je l\u00e4nger es ge\u00f6ffnet bleibt, desto heller wird das Produktfoto.\u00a0<\/span><\/p>\n<p><span style=\"font-weight: 400;\">Seien Sie jedoch vorsichtig, wenn Sie den Verschluss zu lange offen lassen, wird das Foto unscharf.\u00a0<\/span><\/p>\n<h4><span style=\"font-weight: 400;\">ISO<\/span><\/h4>\n<p><span style=\"font-weight: 400;\">Dieser Parameter bestimmt die Lichtempfindlichkeit des Kamerasensors. Die Verwendung eines hohen ISO-Werts erm\u00f6glicht es Ihnen, Fotos bei schlechten Lichtverh\u00e4ltnissen aufzunehmen, macht das Foto jedoch auch k\u00f6rniger.<\/span><\/p>\n<p><span style=\"font-weight: 400;\">Zum <\/span><b>Produktfoto<\/b><span style=\"font-weight: 400;\"> Profis ist es wichtig, diese drei Aspekte zu beherrschen und zu kombinieren, um das optimale Licht zu finden, je nachdem, welches Produkt wir fotografieren m\u00f6chten.\u00a0<\/span><\/p>\n<h3><b>Die Staffelei\u00a0<\/b><\/h3>\n<p><span style=\"font-weight: 400;\">Auch wenn Sie die ruhigsten H\u00e4nde der Welt haben, empfehlen wir dennoch die Verwendung eines Stativs zur Stabilisierung <\/span><b>Produktfoto<\/b><span style=\"font-weight: 400;\">. F\u00fcr maximale Stabilit\u00e4t k\u00f6nnen Sie auch einen Timer an der Kamera einstellen, um die Aufnahme automatisch zu machen.\u00a0<\/span><\/p>\n<h3><b>Der wei\u00dfe Hintergrund<\/b><\/h3>\n<p><span style=\"font-weight: 400;\">Eines der Geheimnisse f\u00fcr <\/span><b>Produktfoto<\/b><span style=\"font-weight: 400;\"> Auff\u00e4llig ist die Verwendung eines wei\u00dfen Hintergrunds. Tats\u00e4chlich reflektiert Wei\u00df das Licht auf dem zu fotografierenden Produkt, wirkt elegant und erh\u00f6ht den Kontrast zwischen Produkt und Hintergrund.<\/span><\/p>\n<p><span style=\"font-weight: 400;\">Wei\u00df hilft auch, die Farbbalance zu korrigieren, damit Fotos mit originalgetreuen Farben erstellt werden.\u00a0<\/span><\/p>\n<h3><b>Fotografieren in der N\u00e4he des Fensters<\/b><\/h3>\n<p><span style=\"font-weight: 400;\">Vermeiden Sie die Verwendung von k\u00fcnstlichem Licht, es sei denn, Sie wissen, was Sie tun. F\u00fcr ein ebenso professionelles Ergebnis nutzen Sie die gr\u00f6\u00dfte Lichtquelle \u00fcberhaupt, die Sonne.\u00a0<\/span><\/p>\n<p><span style=\"font-weight: 400;\">Montieren Sie das Fotoset einfach seitlich neben einem Fenster. Dies reicht aus, um ein diffuses und nat\u00fcrliches Licht zu gew\u00e4hrleisten.\u00a0<\/span><\/p>\n<h3><b>Entfernen Sie den Hintergrund\u00a0<\/b><\/h3>\n<p><span style=\"font-weight: 400;\">Wir haben vorhin \u00fcber den wei\u00dfen Hintergrund gesprochen. So gut es geht, in der <\/span><b>Produktfoto <\/b><span style=\"font-weight: 400;\">Falten im Hintergrund, Reflexionen und Unvollkommenheiten werden wahrscheinlich auch auf einem wei\u00dfen Hintergrund sichtbar sein.<\/span><\/p>\n<p><span style=\"font-weight: 400;\">Zum<\/span> Foto <span style=\"font-weight: 400;\">Perfekt und wiederverwendbar in jeder Situation, die beste Idee w\u00e4re, den Hintergrund mit Fotobearbeitungswerkzeugen zu entfernen. F\u00fcr diejenigen, die mit Photoshop (das immer noch die beste L\u00f6sung ist) nicht vertraut sind, gibt es viele Fotobearbeitungsprogramme, sogar kostenlose, die einfacher zu bedienen sind.\u00a0<\/span><\/p>\n<p><span style=\"font-weight: 400;\">Durch diese Werkzeuge ist es auch m\u00f6glich, die Farben zu retuschieren, um sie brillanter und fesselnder zu machen, durch die sogenannten <a href=\"https:\/\/en.wikipedia.org\/wiki\/Color_correction#:~:text=Color%20Correction%20is%20a%20technical,them%20in%20the%20real%20world.\" target=\"_blank\" rel=\"noopener\">Farbkorrektur<\/a>. Aber seien Sie vorsichtig und \u00fcbertreiben Sie es nicht, Kunden erwarten, dass sie etwas sehr \u00c4hnliches wie das Foto erhalten, das sie auf der Website gesehen haben.\u00a0<\/span><\/p>\n<h3><b>Die Bildkomposition<\/b><\/h3>\n<p><span style=\"font-weight: 400;\">Es gibt auch einige Regeln f\u00fcr <\/span><b>Produktfoto,<\/b><span style=\"font-weight: 400;\"> und nicht nur. Das fotografierte Objekt muss sich in seiner Gesamtheit und ohne zu viel Leerraum um ihn herum in der Mitte des Rahmens befinden.\u00a0<\/span><\/p>\n<p><span style=\"font-weight: 400;\">Wenn wir zum Beispiel eine Flasche fotografieren, sollte die Kamera senkrecht gehalten werden, w\u00e4hrend bei einer Brille die Aufnahme waagerecht sein muss.\u00a0<\/span><\/p>\n<h3><b>Die Gr\u00f6\u00dfe der Datei<\/b><\/h3>\n<p><span style=\"font-weight: 400;\">Wenn Sie ein professionelles Ger\u00e4t verwenden (aber achten Sie auch auf Smartphones), muss die Dateigr\u00f6\u00dfe vor dem Hochladen auf die Website reduziert werden. <\/span><b>Produktfoto<\/b><span style=\"font-weight: 400;\"> zu schwer riskieren, die Website zu belasten und zu verlangsamen, besonders wenn wir dar\u00fcber nachdenken, wie viele <\/span>Foto <span style=\"font-weight: 400;\">ein E-Commerce enth\u00e4lt.\u00a0<\/span><\/p>\n<h3><b>Professionelle Produktfotos\u00a0<\/b><\/h3>\n<p><span style=\"font-weight: 400;\">Indem Sie die oben aufgef\u00fchrten Ratschl\u00e4ge befolgen, werden Sie Ihre erheblich verbessern <\/span><b>Produktfoto<\/b><span style=\"font-weight: 400;\">. F\u00fcr professionelle Fotos kann jedoch niemand besser abschneiden als Fachleute, die auf die Branche spezialisiert sind.\u00a0<\/span><\/p>\n<p><span style=\"font-weight: 400;\">Daher ist unser letzter Rat, sich an diejenigen zu wenden, die Produktfotos als Beruf machen. <a href=\"https:\/\/www.digife.it\/de\/kontakte\/\">Kontaktiere uns<\/a> um weitere Informationen oder ein Angebot zu erhalten. <\/span><\/p>","protected":false},"excerpt":{"rendered":"<p>Produktfotos sind einer der wichtigsten (wenn auch leider untersch\u00e4tzten) Aspekte f\u00fcr Ihren E-Commerce. Schlie\u00dflich k\u00f6nnen Ihre Kunden Ihre nicht sehen, ber\u00fchren oder riechen ...<\/p>","protected":false},"author":35,"featured_media":32418,"comment_status":"closed","ping_status":"closed","sticky":false,"template":"","format":"standard","meta":{"footnotes":""},"categories":[130,1,820],"tags":[],"class_list":{"0":"post-32416","1":"post","2":"type-post","3":"status-publish","4":"format-standard","5":"has-post-thumbnail","7":"category-ecommerce","8":"category-curiosita-web","9":"category-grafica-e-marketing"},"_links":{"self":[{"href":"https:\/\/www.digife.it\/de\/wp-json\/wp\/v2\/posts\/32416","targetHints":{"allow":["GET"]}}],"collection":[{"href":"https:\/\/www.digife.it\/de\/wp-json\/wp\/v2\/posts"}],"about":[{"href":"https:\/\/www.digife.it\/de\/wp-json\/wp\/v2\/types\/post"}],"author":[{"embeddable":true,"href":"https:\/\/www.digife.it\/de\/wp-json\/wp\/v2\/users\/35"}],"replies":[{"embeddable":true,"href":"https:\/\/www.digife.it\/de\/wp-json\/wp\/v2\/comments?post=32416"}],"version-history":[{"count":0,"href":"https:\/\/www.digife.it\/de\/wp-json\/wp\/v2\/posts\/32416\/revisions"}],"wp:featuredmedia":[{"embeddable":true,"href":"https:\/\/www.digife.it\/de\/wp-json\/wp\/v2\/media\/32418"}],"wp:attachment":[{"href":"https:\/\/www.digife.it\/de\/wp-json\/wp\/v2\/media?parent=32416"}],"wp:term":[{"taxonomy":"category","embeddable":true,"href":"https:\/\/www.digife.it\/de\/wp-json\/wp\/v2\/categories?post=32416"},{"taxonomy":"post_tag","embeddable":true,"href":"https:\/\/www.digife.it\/de\/wp-json\/wp\/v2\/tags?post=32416"}],"curies":[{"name":"wp","href":"https:\/\/api.w.org\/{rel}","templated":true}]}}