{"id":31261,"date":"2021-02-15T16:22:53","date_gmt":"2021-02-15T16:22:53","guid":{"rendered":"https:\/\/www.digife.it\/?p=31261"},"modified":"2021-02-15T16:27:36","modified_gmt":"2021-02-15T16:27:36","slug":"design-logo-info-cso","status":"publish","type":"post","link":"https:\/\/www.digife.it\/de\/design-logo-info-cso\/","title":{"rendered":"&quot;INFO CSO&quot; Logo Design"},"content":{"rendered":"<p><strong>&quot;INFO-CSO&quot;<\/strong><br \/>\nInformations-APP der regionalen Obst- und Gem\u00fcseproduktionskette der Emilia Romagna<\/p>\n<p><em><strong>Aktivit\u00e4ten:<\/strong><\/em><br \/>\nStudie des Logos, der Verwendungsvorschl\u00e4ge und des Symbols der APP f\u00fcr die regionale Obst- und Gem\u00fcselieferkette der Emilia Romagna.<\/p>\n<p><em><strong>Kundenanfrage:<\/strong><\/em><br \/>\nWir wurden gebeten, drei verschiedene Logovorschl\u00e4ge zu erstellen:<\/p>\n<ul>\n<li>Beschriftung<\/li>\n<li>&quot;Design \/ Symbol&quot;<\/li>\n<li>plus eine dritte Idee, die beide Elemente beinhaltet, mit der M\u00f6glichkeit, bei Bedarf aufzubrechen;<\/li>\n<li>Au\u00dferdem wurde die Erstellung eines Brandbooks mit den Farbvarianten, Verwendungszweck und Verwendung gefordert.<\/li>\n<\/ul>\n<p><em>Die Leitschlagworte f\u00fcr die Gestaltung des vom Kunden bereitgestellten Logos sind<\/em>:<\/p>\n<ul>\n<li>Obst und Gem\u00fcse<\/li>\n<li>Clever<\/li>\n<li>Technologie<\/li>\n<li>Statistiken<\/li>\n<li>Information.<\/li>\n<\/ul>\n<p><em><strong>Projekt &quot;N\u00fctzliche Informationen f\u00fcr die Entwicklung des regionalen Obst- und Gem\u00fcsesystems der Emilia Romagna&quot;:<\/strong><\/em><br \/>\nDer CSO f\u00fchrt eine Intervention in Partnerschaft mit der ALMA MATER STUDIORUM UNIVERSITY OF BOLOGNA mit Professor Maurizio Canavari als wissenschaftlicher Direktor der APOFRUIT ITALIA SOC durch. COOP. AGR., OROGEL FRESCO SOC. COOP AGR, DINAMICA SOC. NACHTEILE A RL, OBST- UND GEM\u00dcSE-GENOSSENSCHAFT die VE.BA. SOC. COOP, ALI&#039;SPA.<br \/>\nDie GOI beabsichtigt, ein Projekt zur Schaffung einer digitalen Obst- und Gem\u00fcseplattform, einer Art &quot;Supply Chain Accelerator&quot; zu realisieren, die Innovationen in Bezug auf Produktion, Markt und das gesamte regionale Produktionssystem \u00fcbertragen kann, um wirtschaftliches Wachstum und Struktur der des Prim\u00e4rproduktionssektors und der gesamten damit verbundenen Lieferkette.<\/p>\n\n\t\t<style type=\"text\/css\">\n\t\t\t#gallery-1 {\n\t\t\t\tmargin: auto;\n\t\t\t}\n\t\t\t#gallery-1 .gallery-item {\n\t\t\t\tfloat: left;\n\t\t\t\tmargin-top: 10px;\n\t\t\t\ttext-align: center;\n\t\t\t\twidth: 20%;\n\t\t\t}\n\t\t\t#gallery-1 img {\n\t\t\t\tborder: 2px solid #cfcfcf;\n\t\t\t}\n\t\t\t#gallery-1 .gallery-caption {\n\t\t\t\tmargin-left: 0;\n\t\t\t}\n\t\t\t\/* see gallery_shortcode() in wp-includes\/media.php *\/\n\t\t<\/style>\n\t\t<div id='gallery-1' class='gallery galleryid-31261 gallery-columns-5 gallery-size-thumbnail'><dl class='gallery-item'>\n\t\t\t<dt class='gallery-icon landscape'>\n\t\t\t\t<a href='https:\/\/www.digife.it\/wp-content\/uploads\/2021\/02\/presentazione-logo-infocso-digife.jpg'><img loading=\"lazy\" decoding=\"async\" width=\"150\" height=\"150\" src=\"https:\/\/www.digife.it\/wp-content\/uploads\/2021\/02\/presentazione-logo-infocso-digife-150x150.jpg\" class=\"attachment-thumbnail size-thumbnail\" alt=\"\" srcset=\"https:\/\/www.digife.it\/wp-content\/uploads\/2021\/02\/presentazione-logo-infocso-digife-150x150.jpg 150w, https:\/\/www.digife.it\/wp-content\/uploads\/2021\/02\/presentazione-logo-infocso-digife-100x100.jpg 100w, https:\/\/www.digife.it\/wp-content\/uploads\/2021\/02\/presentazione-logo-infocso-digife-140x140.jpg 140w, https:\/\/www.digife.it\/wp-content\/uploads\/2021\/02\/presentazione-logo-infocso-digife-500x500.jpg 500w, https:\/\/www.digife.it\/wp-content\/uploads\/2021\/02\/presentazione-logo-infocso-digife-350x350.jpg 350w, https:\/\/www.digife.it\/wp-content\/uploads\/2021\/02\/presentazione-logo-infocso-digife-800x800.jpg 800w\" sizes=\"auto, (max-width: 150px) 100vw, 150px\" \/><\/a>\n\t\t\t<\/dt><\/dl><dl class='gallery-item'>\n\t\t\t<dt class='gallery-icon landscape'>\n\t\t\t\t<a href='https:\/\/www.digife.it\/wp-content\/uploads\/2021\/02\/presentazione-logo-infocso-bn-digife.jpg'><img loading=\"lazy\" decoding=\"async\" width=\"150\" height=\"150\" src=\"https:\/\/www.digife.it\/wp-content\/uploads\/2021\/02\/presentazione-logo-infocso-bn-digife-150x150.jpg\" class=\"attachment-thumbnail size-thumbnail\" alt=\"\" srcset=\"https:\/\/www.digife.it\/wp-content\/uploads\/2021\/02\/presentazione-logo-infocso-bn-digife-150x150.jpg 150w, https:\/\/www.digife.it\/wp-content\/uploads\/2021\/02\/presentazione-logo-infocso-bn-digife-100x100.jpg 100w, https:\/\/www.digife.it\/wp-content\/uploads\/2021\/02\/presentazione-logo-infocso-bn-digife-140x140.jpg 140w, https:\/\/www.digife.it\/wp-content\/uploads\/2021\/02\/presentazione-logo-infocso-bn-digife-500x500.jpg 500w, https:\/\/www.digife.it\/wp-content\/uploads\/2021\/02\/presentazione-logo-infocso-bn-digife-350x350.jpg 350w, https:\/\/www.digife.it\/wp-content\/uploads\/2021\/02\/presentazione-logo-infocso-bn-digife-800x800.jpg 800w\" sizes=\"auto, (max-width: 150px) 100vw, 150px\" \/><\/a>\n\t\t\t<\/dt><\/dl><dl class='gallery-item'>\n\t\t\t<dt class='gallery-icon landscape'>\n\t\t\t\t<a href='https:\/\/www.digife.it\/wp-content\/uploads\/2021\/02\/presentazione-logo-infocso-1.jpg'><img loading=\"lazy\" decoding=\"async\" width=\"150\" height=\"150\" src=\"https:\/\/www.digife.it\/wp-content\/uploads\/2021\/02\/presentazione-logo-infocso-1-150x150.jpg\" class=\"attachment-thumbnail size-thumbnail\" alt=\"\" srcset=\"https:\/\/www.digife.it\/wp-content\/uploads\/2021\/02\/presentazione-logo-infocso-1-150x150.jpg 150w, https:\/\/www.digife.it\/wp-content\/uploads\/2021\/02\/presentazione-logo-infocso-1-100x100.jpg 100w, https:\/\/www.digife.it\/wp-content\/uploads\/2021\/02\/presentazione-logo-infocso-1-140x140.jpg 140w, https:\/\/www.digife.it\/wp-content\/uploads\/2021\/02\/presentazione-logo-infocso-1-500x500.jpg 500w, https:\/\/www.digife.it\/wp-content\/uploads\/2021\/02\/presentazione-logo-infocso-1-350x350.jpg 350w, https:\/\/www.digife.it\/wp-content\/uploads\/2021\/02\/presentazione-logo-infocso-1-800x800.jpg 800w\" sizes=\"auto, (max-width: 150px) 100vw, 150px\" \/><\/a>\n\t\t\t<\/dt><\/dl><dl class='gallery-item'>\n\t\t\t<dt class='gallery-icon landscape'>\n\t\t\t\t<a href='https:\/\/www.digife.it\/wp-content\/uploads\/2021\/02\/presentazione-logo-infocso-2.jpg'><img loading=\"lazy\" decoding=\"async\" width=\"150\" height=\"150\" src=\"https:\/\/www.digife.it\/wp-content\/uploads\/2021\/02\/presentazione-logo-infocso-2-150x150.jpg\" class=\"attachment-thumbnail size-thumbnail\" alt=\"\" srcset=\"https:\/\/www.digife.it\/wp-content\/uploads\/2021\/02\/presentazione-logo-infocso-2-150x150.jpg 150w, https:\/\/www.digife.it\/wp-content\/uploads\/2021\/02\/presentazione-logo-infocso-2-100x100.jpg 100w, https:\/\/www.digife.it\/wp-content\/uploads\/2021\/02\/presentazione-logo-infocso-2-140x140.jpg 140w, https:\/\/www.digife.it\/wp-content\/uploads\/2021\/02\/presentazione-logo-infocso-2-500x500.jpg 500w, https:\/\/www.digife.it\/wp-content\/uploads\/2021\/02\/presentazione-logo-infocso-2-350x350.jpg 350w, https:\/\/www.digife.it\/wp-content\/uploads\/2021\/02\/presentazione-logo-infocso-2-800x800.jpg 800w\" sizes=\"auto, (max-width: 150px) 100vw, 150px\" \/><\/a>\n\t\t\t<\/dt><\/dl><dl class='gallery-item'>\n\t\t\t<dt class='gallery-icon landscape'>\n\t\t\t\t<a href='https:\/\/www.digife.it\/wp-content\/uploads\/2021\/02\/presentazione-logo-infocso-3.jpg'><img loading=\"lazy\" decoding=\"async\" width=\"150\" height=\"150\" src=\"https:\/\/www.digife.it\/wp-content\/uploads\/2021\/02\/presentazione-logo-infocso-3-150x150.jpg\" class=\"attachment-thumbnail size-thumbnail\" alt=\"\" srcset=\"https:\/\/www.digife.it\/wp-content\/uploads\/2021\/02\/presentazione-logo-infocso-3-150x150.jpg 150w, https:\/\/www.digife.it\/wp-content\/uploads\/2021\/02\/presentazione-logo-infocso-3-100x100.jpg 100w, https:\/\/www.digife.it\/wp-content\/uploads\/2021\/02\/presentazione-logo-infocso-3-140x140.jpg 140w, https:\/\/www.digife.it\/wp-content\/uploads\/2021\/02\/presentazione-logo-infocso-3-500x500.jpg 500w, https:\/\/www.digife.it\/wp-content\/uploads\/2021\/02\/presentazione-logo-infocso-3-350x350.jpg 350w, https:\/\/www.digife.it\/wp-content\/uploads\/2021\/02\/presentazione-logo-infocso-3-800x800.jpg 800w\" sizes=\"auto, (max-width: 150px) 100vw, 150px\" \/><\/a>\n\t\t\t<\/dt><\/dl><br style=\"clear: both\" \/>\n\t\t<\/div>\n\n<p><a href=\"https:\/\/www.csoservizi.com\/info-cso-creato-il-logo-del-progetto-informazione-fruibile-per-lo-sviluppo-del-sistema-ortofrutticolo-regionale-dellemilia-romagna\/\" target=\"_blank\" rel=\"noopener noreferrer\"><img loading=\"lazy\" decoding=\"async\" class=\"alignleft wp-image-31262 size-medium\" src=\"https:\/\/www.digife.it\/wp-content\/uploads\/2021\/02\/presentazione-logo-infocso-digife-4-300x200.jpg\" alt=\"\" width=\"300\" height=\"200\" srcset=\"https:\/\/www.digife.it\/wp-content\/uploads\/2021\/02\/presentazione-logo-infocso-digife-4-300x200.jpg 300w, https:\/\/www.digife.it\/wp-content\/uploads\/2021\/02\/presentazione-logo-infocso-digife-4-768x512.jpg 768w, https:\/\/www.digife.it\/wp-content\/uploads\/2021\/02\/presentazione-logo-infocso-digife-4-900x600.jpg 900w, https:\/\/www.digife.it\/wp-content\/uploads\/2021\/02\/presentazione-logo-infocso-digife-4.jpg 910w\" sizes=\"auto, (max-width: 300px) 100vw, 300px\" \/><\/a><\/p>\n<p>Lesen Sie den CSO Servizi-Artikel<\/p>\n<p><a href=\"https:\/\/www.csoservizi.com\/info-cso-creato-il-logo-del-progetto-informazione-fruibile-per-lo-sviluppo-del-sistema-ortofrutticolo-regionale-dellemilia-romagna\/\" target=\"_blank\" rel=\"noopener noreferrer\">https:\/\/www.csoservizi.com\/info-cso-creato-il-logo-del-progetto-informazione-fruibile-per-lo-sviluppo-del-sistema-ortofrutticolo-regionale-dellemilia-romagna\/<\/a><\/p>","protected":false},"excerpt":{"rendered":"<p>Informations-App \u201eINFO CSO\u201c der regionalen Obst- und Gem\u00fcseversorgungskette der Emilia Romagna: Untersuchung des Logos, der Verwendungsvorschl\u00e4ge und des Symbols der APP f\u00fcr die regionale Obst- und Gem\u00fcseversorgungskette der Emilia Romagna. Anfrage\u2026<\/p>","protected":false},"author":17,"featured_media":31268,"comment_status":"closed","ping_status":"closed","sticky":false,"template":"","format":"standard","meta":{"footnotes":""},"categories":[608],"tags":[],"class_list":{"0":"post-31261","1":"post","2":"type-post","3":"status-publish","4":"format-standard","5":"has-post-thumbnail","7":"category-grafica-progetti"},"_links":{"self":[{"href":"https:\/\/www.digife.it\/de\/wp-json\/wp\/v2\/posts\/31261","targetHints":{"allow":["GET"]}}],"collection":[{"href":"https:\/\/www.digife.it\/de\/wp-json\/wp\/v2\/posts"}],"about":[{"href":"https:\/\/www.digife.it\/de\/wp-json\/wp\/v2\/types\/post"}],"author":[{"embeddable":true,"href":"https:\/\/www.digife.it\/de\/wp-json\/wp\/v2\/users\/17"}],"replies":[{"embeddable":true,"href":"https:\/\/www.digife.it\/de\/wp-json\/wp\/v2\/comments?post=31261"}],"version-history":[{"count":0,"href":"https:\/\/www.digife.it\/de\/wp-json\/wp\/v2\/posts\/31261\/revisions"}],"wp:featuredmedia":[{"embeddable":true,"href":"https:\/\/www.digife.it\/de\/wp-json\/wp\/v2\/media\/31268"}],"wp:attachment":[{"href":"https:\/\/www.digife.it\/de\/wp-json\/wp\/v2\/media?parent=31261"}],"wp:term":[{"taxonomy":"category","embeddable":true,"href":"https:\/\/www.digife.it\/de\/wp-json\/wp\/v2\/categories?post=31261"},{"taxonomy":"post_tag","embeddable":true,"href":"https:\/\/www.digife.it\/de\/wp-json\/wp\/v2\/tags?post=31261"}],"curies":[{"name":"wp","href":"https:\/\/api.w.org\/{rel}","templated":true}]}}